[{"@context":"https:\/\/schema.org\/","@type":"Article","@id":"https:\/\/www.miksanek.cz\/vanoce-vanoce-prichazeji\/#Article","mainEntityOfPage":"https:\/\/www.miksanek.cz\/vanoce-vanoce-prichazeji\/","headline":"V\u00e1noce, v\u00e1noce p\u0159ich\u00e1zej\u00ed!","name":"V\u00e1noce, v\u00e1noce p\u0159ich\u00e1zej\u00ed!","description":"Za n\u011bkolik t\u00fddn\u016f se m\u016f\u017eeme t\u011b\u0161it na sv\u00e1tky klidu a pohody. Je to obdob\u00ed, kter\u00e9 tr\u00e1v\u00edme v p\u0159\u00edjemn\u00e9m rodinn\u00e9m kruhu. M\u00e1me p\u0159\u00edle\u017eitost b\u00fdt se sv\u00fdmi bl\u00edzk\u00fdmi a p\u0159\u00e1teli, kter\u00e9 jsme b\u011bhem na\u0161eho hektick\u00e9ho roku pouze m\u00edjeli. Je to rovn\u011b\u017e obdob\u00ed \u0161t\u011bdrosti. Pln\u00e9 stoly n\u00e1s sv\u00e1d\u00ed k h\u0159\u00edchu, a na\u0161e postavy se zakulacuj\u00ed. Na Nov\u00fd rok ... <a title=\"V\u00e1noce, v\u00e1noce p\u0159ich\u00e1zej\u00ed!\" class=\"read-more\" href=\"https:\/\/www.miksanek.cz\/vanoce-vanoce-prichazeji\/\">Read more<span class=\"screen-reader-text\">V\u00e1noce, v\u00e1noce p\u0159ich\u00e1zej\u00ed!<\/span><\/a>","datePublished":"2025-03-14","dateModified":"2025-03-14","author":{"@type":"Person","@id":"https:\/\/www.miksanek.cz\/author\/#Person","name":"","url":"https:\/\/www.miksanek.cz\/author\/","identifier":1,"image":{"@type":"ImageObject","@id":"https:\/\/secure.gravatar.com\/avatar\/91b1fc57487c55a66a7777af0dd690bf69c571b4a9b15cda0db8854a78b7888c?s=96&d=mm&r=g","url":"https:\/\/secure.gravatar.com\/avatar\/91b1fc57487c55a66a7777af0dd690bf69c571b4a9b15cda0db8854a78b7888c?s=96&d=mm&r=g","height":96,"width":96}},"publisher":{"@type":"Organization","name":"miksanek.cz","logo":{"@type":"ImageObject","@id":"\/logo.png","url":"\/logo.png","width":600,"height":60}},"url":"https:\/\/www.miksanek.cz\/vanoce-vanoce-prichazeji\/","wordCount":154,"articleBody":" Za n\u011bkolik t\u00fddn\u016f se m\u016f\u017eeme t\u011b\u0161it na sv\u00e1tky klidu a pohody. Je to obdob\u00ed, kter\u00e9 tr\u00e1v\u00edme v p\u0159\u00edjemn\u00e9m rodinn\u00e9m kruhu. M\u00e1me p\u0159\u00edle\u017eitost b\u00fdt se sv\u00fdmi bl\u00edzk\u00fdmi a p\u0159\u00e1teli, kter\u00e9 jsme b\u011bhem na\u0161eho hektick\u00e9ho roku pouze m\u00edjeli. Je to rovn\u011b\u017e obdob\u00ed \u0161t\u011bdrosti. Pln\u00e9 stoly n\u00e1s sv\u00e1d\u00ed k h\u0159\u00edchu, a na\u0161e postavy se zakulacuj\u00ed. Na Nov\u00fd rok si bereme sv\u00e1 p\u0159edsevzet\u00ed, kter\u00e1 se n\u011bkter\u00fdm z n\u00e1s poda\u0159\u00ed splnit, ale v\u011bt\u0161ina po n\u011bkolika t\u00fddnech \u010di dnech rezignuje. Jen n\u011bkte\u0159\u00ed z n\u00e1s dok\u00e1\u017e\u00ed nabran\u00e1 kila \u00fasp\u011b\u0161n\u011b shodit. Svoji linii zachra\u0148te s n\u00e1mi Velmi r\u00e1di bychom V\u00e1m p\u0159edstavili sou\u010dasnou novinku na \u010desk\u00e9m trhu. V na\u0161\u00ed nab\u00eddce m\u00e1me zelenou k\u00e1vu.                                                                                                                                                                                                                                                                                                                                                                                        4\/5 - (1 vote)        "},{"@context":"https:\/\/schema.org\/","@type":"BreadcrumbList","itemListElement":[{"@type":"ListItem","position":1,"name":"V\u00e1noce, v\u00e1noce p\u0159ich\u00e1zej\u00ed!","item":"https:\/\/www.miksanek.cz\/vanoce-vanoce-prichazeji\/#breadcrumbitem"}]}]