[{"@context":"https:\/\/schema.org\/","@type":"Article","@id":"https:\/\/www.miksanek.cz\/trendy-v-kabelkach\/#Article","mainEntityOfPage":"https:\/\/www.miksanek.cz\/trendy-v-kabelkach\/","headline":"Trendy v kabelk\u00e1ch","name":"Trendy v kabelk\u00e1ch","description":"Ka\u017ed\u00e1 \u017eena se chce l\u00edbit a vypadat modern\u011b a stylov\u011b. V\u0161echny v\u00edme, \u017ee k tomu nesta\u010d\u00ed jenom kr\u00e1sn\u00e9 oble\u010den\u00ed, ale tak\u00e9 dopl\u0148ky v podob\u011b \u0161perk\u016f, ozdob do vlas\u016f, bot a v neposledn\u00ed \u0159ad\u011b kabelek.&#13; V\u011bt\u0161ina z n\u00e1s m\u00e1 ur\u010dit\u011b ve sv\u00e9 sk\u0159\u00edni \u010dernou klasiku, kter\u00e1 se hod\u00ed vlastn\u011b ke v\u0161emu a nemus\u00edte tak nad ni\u010d\u00edm ... <a title=\"Trendy v kabelk\u00e1ch\" class=\"read-more\" href=\"https:\/\/www.miksanek.cz\/trendy-v-kabelkach\/\">Read more<span class=\"screen-reader-text\">Trendy v kabelk\u00e1ch<\/span><\/a>","datePublished":"2017-06-22","dateModified":"2023-06-02","author":{"@type":"Person","@id":"https:\/\/www.miksanek.cz\/author\/#Person","name":"","url":"https:\/\/www.miksanek.cz\/author\/","identifier":1,"image":{"@type":"ImageObject","@id":"https:\/\/secure.gravatar.com\/avatar\/91b1fc57487c55a66a7777af0dd690bf69c571b4a9b15cda0db8854a78b7888c?s=96&d=mm&r=g","url":"https:\/\/secure.gravatar.com\/avatar\/91b1fc57487c55a66a7777af0dd690bf69c571b4a9b15cda0db8854a78b7888c?s=96&d=mm&r=g","height":96,"width":96}},"publisher":{"@type":"Organization","name":"miksanek.cz","logo":{"@type":"ImageObject","@id":"\/logo.png","url":"\/logo.png","width":600,"height":60}},"image":{"@type":"ImageObject","@id":"https:\/\/www.miksanek.cz\/wp-content\/uploads\/img_a297363_w2158_t1507831401.jpg","url":"https:\/\/www.miksanek.cz\/wp-content\/uploads\/img_a297363_w2158_t1507831401.jpg","height":0,"width":0},"url":"https:\/\/www.miksanek.cz\/trendy-v-kabelkach\/","about":["\u017divotn\u00ed styl"],"wordCount":448,"articleBody":"Ka\u017ed\u00e1 \u017eena se chce l\u00edbit a vypadat modern\u011b a stylov\u011b. V\u0161echny v\u00edme, \u017ee k tomu nesta\u010d\u00ed jenom kr\u00e1sn\u00e9 oble\u010den\u00ed, ale tak\u00e9 dopl\u0148ky v podob\u011b \u0161perk\u016f, ozdob do vlas\u016f, bot a v neposledn\u00ed \u0159ad\u011b kabelek.&#13; V\u011bt\u0161ina z n\u00e1s m\u00e1 ur\u010dit\u011b ve sv\u00e9 sk\u0159\u00edni \u010dernou klasiku, kter\u00e1 se hod\u00ed vlastn\u011b ke v\u0161emu a nemus\u00edte tak nad ni\u010d\u00edm dlouho p\u0159em\u00fd\u0161let. Ale co d\u00e1t \u0161anci kone\u010dn\u011b tak\u00e9 jin\u00fdm barv\u00e1m?V l\u016fn\u011b p\u0159\u00edrody&#13; Velmi efektivn\u011b bude vypadat s jak\u00fdmkoli va\u0161\u00edm modelem hn\u011bd\u00e1 kabelka. Tato p\u0159\u00edrodn\u00ed barva sebou nese ducha mati\u010dky zem\u011b a nav\u00edc je tak trochu univerz\u00e1ln\u00ed a nic s n\u00ed nikdy nepokaz\u00edte. Hn\u011bd\u00e1 pat\u0159\u00ed mezi tepl\u00e9 klidn\u011b p\u016fsob\u00edc\u00ed barvy. Mus\u00edte ji ale um\u011bt dob\u0159e kombinovat, aby nevyzn\u011bla mdle. Nepat\u0159\u00ed toti\u017e pr\u00e1v\u011b mezi \u201efascin\u00e1tory.\u201c&#13; P\u0159esto pr\u00e1v\u011b do takov\u00fdch dopl\u0148k\u016f investuje \u010das mnoho n\u00e1vrh\u00e1\u0159\u016f, kte\u0159\u00ed na tuto barvu prost\u011b nedaj\u00ed dopustit. Nep\u016fsob\u00ed toti\u017e tolik tvrd\u00fdm dojmem jako nap\u0159\u00edklad \u010dern\u00e1 a neu\u0161pin\u00ed se snadno tak jako and\u011blsk\u00e1 b\u00edl\u00e1.Najdete ji v r\u016fzn\u00fdch odst\u00ednech, od sv\u011btl\u00e9 p\u00edskov\u00e9, kter\u00e1 evokuje v\u016fni mo\u0159sk\u00e9ho pob\u0159e\u017e\u00ed a\u017e po barvy ml\u00e9\u010dn\u00e9 a ho\u0159k\u00e9 \u010dokol\u00e1dy, kterou preferuj\u00ed zejm\u00e9na sebev\u011bdom\u00e9 \u017eeny.Slu\u0161\u00ed pr\u00e1v\u011b t\u011bm nositelk\u00e1m, kter\u00e9 maj\u00ed hn\u011bd\u00e9 o\u010di a stejnou nebo zrzavou barvu vlas\u016f.&#13; Tato zemit\u00e1 barva miluje spojen\u00ed s dal\u0161\u00edmi p\u0159\u00edrodn\u00edmi odst\u00edny, kter\u00e9 ji skv\u011ble dokresluj\u00ed.Jak\u00e9 tedy zvolit kombinaceSkv\u011ble s n\u00ed bude ladit nap\u0159\u00edklad r\u016f\u017eov\u00e1 nebo \u010derven\u00e1. Jestli\u017ee va\u0161e ple\u0165 miluje sp\u00ed\u0161e studen\u00e9 barvy, pak klidn\u011b p\u0159idejte modrou \u010di b\u00edlou. Pokud pat\u0159\u00edte mezi v\u00fdrazn\u011bj\u0161\u00ed typy, m\u016f\u017eete si ji klidn\u011b dovolit nosit i v kombinaci s \u010dernou.Takto se v\u016fbec nep\u0159eb\u00edj\u00ed, i kdy\u017e na tomto poli se vedou \u0159adu let \u010detn\u00e9 m\u00f3dn\u00ed debaty. U n\u011b\u017en\u00fdch typ\u016f ale toto spojen\u00ed rad\u011bji zapome\u0148te.A jakou velikost&#13; V posledn\u00edch letech let\u00ed pr\u00e1v\u011b velk\u00e9 kabelky, kter\u00e9 slou\u017e\u00ed nejen na to nejnutn\u011bj\u0161\u00ed, co ka\u017ed\u00e1 \u017eena pot\u0159ebuje, ale vejde se sem i men\u0161\u00ed n\u00e1kup. M\u016f\u017eete vyb\u00edrat z r\u016fzn\u00fdch materi\u00e1l\u016f a odst\u00edn\u016f, se zipy, zdoben\u00edm nebo d\u00e1t p\u0159ednost lehkosti a jednoduchosti. Ur\u010dit\u011b byste tu ale na\u0161la i mal\u00e1 psan\u00ed\u010dka do ruky, kter\u00e1 von\u00ed eleganc\u00ed a p\u0159i jejich no\u0161en\u00ed budete naprosto \u0161ik.                                                                                                                                                                                                                                                                                                                                                                                        4.3\/5 - (10 votes)        "},{"@context":"https:\/\/schema.org\/","@type":"BreadcrumbList","itemListElement":[{"@type":"ListItem","position":1,"name":"Trendy v kabelk\u00e1ch","item":"https:\/\/www.miksanek.cz\/trendy-v-kabelkach\/#breadcrumbitem"}]}]