[{"@context":"https:\/\/schema.org\/","@type":"Article","@id":"https:\/\/www.miksanek.cz\/proc-mit-bytoveho-architekta\/#Article","mainEntityOfPage":"https:\/\/www.miksanek.cz\/proc-mit-bytoveho-architekta\/","headline":"Pro\u010d m\u00edt bytov\u00e9ho architekta?","name":"Pro\u010d m\u00edt bytov\u00e9ho architekta?","description":"Bytov\u00fd architekt je osoba, kter\u00e1 v\u00e1m, kter\u00e1 v\u00e1m velmi r\u00e1da pom\u016f\u017ee se v\u0161\u00edm, co je spojen\u00e9 s rekonstrukc\u00ed, nebo s vybavov\u00e1n\u00edm va\u0161\u00ed dom\u00e1cnosti. My v\u00e1m dnes p\u0159in\u00e1\u0161\u00edme p\u00e1r nejp\u0159esv\u011bd\u010div\u011bj\u0161\u00edch argument\u016f, d\u00edky kter\u00fdm nebudete v\u00e1hat a bytov\u00e9ho architekta si najmete takt\u00e9\u017e! Prvn\u00edm d\u016fvodem, pro\u010d byste si ke sv\u00e9 rekonstrukci m\u011bli p\u0159izvat profesion\u00e1la, je ten, \u017ee bytov\u00fd ... <a title=\"Pro\u010d m\u00edt bytov\u00e9ho architekta?\" class=\"read-more\" href=\"https:\/\/www.miksanek.cz\/proc-mit-bytoveho-architekta\/\">Read more<span class=\"screen-reader-text\">Pro\u010d m\u00edt bytov\u00e9ho architekta?<\/span><\/a>","datePublished":"2020-12-22","dateModified":"2023-06-02","author":{"@type":"Person","@id":"https:\/\/www.miksanek.cz\/author\/#Person","name":"","url":"https:\/\/www.miksanek.cz\/author\/","identifier":1,"image":{"@type":"ImageObject","@id":"https:\/\/secure.gravatar.com\/avatar\/91b1fc57487c55a66a7777af0dd690bf69c571b4a9b15cda0db8854a78b7888c?s=96&d=mm&r=g","url":"https:\/\/secure.gravatar.com\/avatar\/91b1fc57487c55a66a7777af0dd690bf69c571b4a9b15cda0db8854a78b7888c?s=96&d=mm&r=g","height":96,"width":96}},"publisher":{"@type":"Organization","name":"miksanek.cz","logo":{"@type":"ImageObject","@id":"\/logo.png","url":"\/logo.png","width":600,"height":60}},"image":{"@type":"ImageObject","@id":"https:\/\/www.miksanek.cz\/wp-content\/uploads\/live-3104077_1920.jpg","url":"https:\/\/www.miksanek.cz\/wp-content\/uploads\/live-3104077_1920.jpg","height":0,"width":0},"url":"https:\/\/www.miksanek.cz\/proc-mit-bytoveho-architekta\/","about":["Domov"],"wordCount":391,"articleBody":"      Bytov\u00fd architekt je osoba, kter\u00e1 v\u00e1m, kter\u00e1 v\u00e1m velmi r\u00e1da pom\u016f\u017ee se v\u0161\u00edm, co je spojen\u00e9 s rekonstrukc\u00ed, nebo s vybavov\u00e1n\u00edm va\u0161\u00ed dom\u00e1cnosti. My v\u00e1m dnes p\u0159in\u00e1\u0161\u00edme p\u00e1r nejp\u0159esv\u011bd\u010div\u011bj\u0161\u00edch argument\u016f, d\u00edky kter\u00fdm nebudete v\u00e1hat a bytov\u00e9ho architekta si najmete takt\u00e9\u017e!Prvn\u00edm d\u016fvodem, pro\u010d byste si ke sv\u00e9 rekonstrukci m\u011bli p\u0159izvat profesion\u00e1la, je ten, \u017ee bytov\u00fd architekt um\u00ed velmi dob\u0159e pracovat s prostorem. M\u00e1 v oku r\u016fzn\u00e9 m\u00edry a um\u00ed si p\u0159edstavit, jak by prostor po p\u0159ebudov\u00e1n\u00ed mohl vypadat. M\u016f\u017eete tak m\u00edt jistotu v tom, \u017ee ve\u0161ker\u00fd v\u00e1\u0161 prostor bude vyu\u017eit efektivn\u011b a stoprocentn\u011b.Druh\u00fdm d\u016fvodem je ten, \u017ee spr\u00e1vn\u00fd bytov\u00fd architekt se dob\u0159e orientuje na sou\u010dasn\u00e9m trhu. V\u00fdborn\u011b tak zn\u00e1 sou\u010dasn\u00e9 firmy, kter\u00e9 se zab\u00fdvaj\u00ed rekonstrukcemi i n\u00e1bytkem. Je tak dosti mo\u017en\u00e9, \u017ee od dodavatel\u016f dostane n\u011bjak\u00e9 mno\u017estevn\u00ed slevy \u2013 cel\u00e1 rekonstrukce m\u016f\u017ee vyj\u00edt je\u0161t\u011b levn\u011bji, ne\u017e kdybyste si byt vybavovali sami.Nav\u00edc tito profesion\u00e1lov\u00e9 velmi dob\u0159e v\u011bd\u00ed, jak v\u0161echny komponenty v\u00fdborn\u011b sladit tak, aby cel\u00fd prostor v kone\u010dn\u00e9m v\u00fdsledku vypadal dob\u0159e a modern\u011b. V \u017e\u00e1dn\u00e9m p\u0159\u00edpad\u011b se v\u00e1m tak nestane, \u017ee byste s vybaven\u00edm nebyli spokojeni. Zkr\u00e1tka lad\u00ed sk\u0159\u00edn\u011b s podlahou, stoly se schodi\u0161t\u011bm. Mal\u00e9 dopl\u0148ky pak perfektn\u011b dopl\u0148uj\u00ed cel\u00fd prostor a p\u016fsob\u00ed velmi \u00fatuln\u011b.Zkr\u00e1tka, architekt bude respektovat v\u00e1s vkus. Cel\u00fd v\u00e1\u0161 interi\u00e9r tak bude vypadat p\u0159esn\u011b dle va\u0161ich p\u0159edstav \u2013 a to v\u0161e bez jak\u00e9koliv n\u00e1mahy. V\u00fdhodou je i to, \u017ee za tyto profesion\u00e1ln\u00ed slu\u017eby nav\u00edc nezaplat\u00edte majlant.Pokud jsme v\u00e1s tedy p\u0159esv\u011bd\u010dili, sta\u010d\u00ed do Googlu nebo jin\u00e9ho internetov\u00e9ho vyhled\u00e1va\u010de napsat \u201ebytov\u00fd architekt cena\u201c a hned na v\u00e1s vysko\u010d\u00ed \u0159ada nab\u00eddek od t\u011bch nejlep\u0161\u00edch profesion\u00e1l\u016f. Nicm\u00e9n\u011b pokud se chcete spolehnout na to, \u017ee v\u00e1\u0161 bytov\u00fd architekt, je opravdov\u00fd profesion\u00e1l, najm\u011bte si studie Evalofa. Ceny jsou n\u00edzk\u00e9 a kvalita pr\u00e1ce nadpr\u016fm\u011brn\u00e1.                                                                                                                                                                                                                                                                                                                                                                                          4\/5 - (7 votes)        "},{"@context":"https:\/\/schema.org\/","@type":"BreadcrumbList","itemListElement":[{"@type":"ListItem","position":1,"name":"Pro\u010d m\u00edt bytov\u00e9ho architekta?","item":"https:\/\/www.miksanek.cz\/proc-mit-bytoveho-architekta\/#breadcrumbitem"}]}]