[{"@context":"https:\/\/schema.org\/","@type":"Article","@id":"https:\/\/www.miksanek.cz\/je-spravne-tesit-se-domu-na-sveho-zvireciho-mazlicka\/#Article","mainEntityOfPage":"https:\/\/www.miksanek.cz\/je-spravne-tesit-se-domu-na-sveho-zvireciho-mazlicka\/","headline":"Je spr\u00e1vn\u00e9 t\u011b\u0161it se dom\u016f na sv\u00e9ho zv\u00ed\u0159ec\u00edho mazl\u00ed\u010dka","name":"Je spr\u00e1vn\u00e9 t\u011b\u0161it se dom\u016f na sv\u00e9ho zv\u00ed\u0159ec\u00edho mazl\u00ed\u010dka","description":"Jestli\u017ee je n\u011bco dob\u0159e, pak je to to, kdy\u017e se \u010dlov\u011bk t\u011b\u0161\u00ed dom\u016f na sv\u00e9ho dom\u00e1c\u00edho mazl\u00ed\u010dka. Pokud se nap\u0159\u00edklad jedn\u00e1 o psa, pak v\u011b\u0159te, \u017ee dan\u00fd pes se na v\u00e1s t\u011b\u0161\u00ed u\u017e od doby, co jste ode\u0161li a bude opravdu r\u00e1d za to, kdy\u017e v\u00e1s op\u011bt uvid\u00ed ve vchodov\u00fdch dve\u0159\u00ed. Kolikr\u00e1t \u010dlov\u011bk m\u016f\u017ee j\u00edt ... <a title=\"Je spr\u00e1vn\u00e9 t\u011b\u0161it se dom\u016f na sv\u00e9ho zv\u00ed\u0159ec\u00edho mazl\u00ed\u010dka\" class=\"read-more\" href=\"https:\/\/www.miksanek.cz\/je-spravne-tesit-se-domu-na-sveho-zvireciho-mazlicka\/\">Read more<span class=\"screen-reader-text\">Je spr\u00e1vn\u00e9 t\u011b\u0161it se dom\u016f na sv\u00e9ho zv\u00ed\u0159ec\u00edho mazl\u00ed\u010dka<\/span><\/a>","datePublished":"2022-10-09","dateModified":"2023-06-02","author":{"@type":"Person","@id":"https:\/\/www.miksanek.cz\/author\/#Person","name":"","url":"https:\/\/www.miksanek.cz\/author\/","identifier":1,"image":{"@type":"ImageObject","@id":"https:\/\/secure.gravatar.com\/avatar\/91b1fc57487c55a66a7777af0dd690bf69c571b4a9b15cda0db8854a78b7888c?s=96&d=mm&r=g","url":"https:\/\/secure.gravatar.com\/avatar\/91b1fc57487c55a66a7777af0dd690bf69c571b4a9b15cda0db8854a78b7888c?s=96&d=mm&r=g","height":96,"width":96}},"publisher":{"@type":"Organization","name":"miksanek.cz","logo":{"@type":"ImageObject","@id":"\/logo.png","url":"\/logo.png","width":600,"height":60}},"image":{"@type":"ImageObject","@id":"https:\/\/www.miksanek.cz\/wp-content\/uploads\/pes_10_10_6.JPG","url":"https:\/\/www.miksanek.cz\/wp-content\/uploads\/pes_10_10_6.JPG","height":0,"width":0},"url":"https:\/\/www.miksanek.cz\/je-spravne-tesit-se-domu-na-sveho-zvireciho-mazlicka\/","about":["Zv\u00ed\u0159ata"],"wordCount":471,"articleBody":"Jestli\u017ee je n\u011bco dob\u0159e, pak je to to, kdy\u017e se \u010dlov\u011bk t\u011b\u0161\u00ed dom\u016f na sv\u00e9ho dom\u00e1c\u00edho mazl\u00ed\u010dka. Pokud se nap\u0159\u00edklad jedn\u00e1 o psa, pak v\u011b\u0159te, \u017ee dan\u00fd pes se na v\u00e1s t\u011b\u0161\u00ed u\u017e od doby, co jste ode\u0161li a bude opravdu r\u00e1d za to, kdy\u017e v\u00e1s op\u011bt uvid\u00ed ve vchodov\u00fdch dve\u0159\u00ed. Kolikr\u00e1t \u010dlov\u011bk m\u016f\u017ee j\u00edt jen vyn\u00e9st odpad a jakmile doraz\u00edte op\u011bt dom\u016f, dan\u00fd pes bude nad\u0161en\u00fd z toho, \u017ee v\u00e1s zase vid\u00ed. N\u011bco takov\u00e9ho je opravdu n\u011bco, \u010deho by si m\u011bl \u010dlov\u011bk v\u00e1\u017eit, proto\u017ee je jen m\u00e1lo zv\u00ed\u0159at, kte\u0159\u00ed v\u00e1s budou v\u00edtat tak, jako v\u00edt\u00e1 pes.\u00a0Nen\u00ed se \u010demu divit, \u017ee mezi psem a \u010dlov\u011bkem vznikne velmi rychle pouto, kter\u00e9 bude v\u00e9st k tomu, \u017ee se z nich stane nerozlu\u010dn\u00e1 dvojice.Mnohdy je to dokonce tak, \u017ee pes je nad\u0161en, pokud jej p\u00e1n\u00ed\u010dek vezme s sebou a to nap\u0159\u00edklad do pr\u00e1ce.\u00a0Pokud se m\u00e1 \u010dlov\u011bk na co nebo na koho t\u011b\u0161it dom\u016f, je jasn\u00e9, \u017ee u\u017e bude velmi netrp\u011bliv\u011b po\u010d\u00edtat minuty do konce pracovn\u00ed doby, aby byl co nejd\u0159\u00edve doma. N\u011bco takov\u00e9ho je rozhodn\u011b velmi p\u011bkn\u00e9.\u00a0N\u011bco takov\u00e9ho se nevyskytuje pouze u p\u00e1n\u00ed\u010dka a zv\u00ed\u0159ete, ale tak\u00e9 u za\u010d\u00ednaj\u00edc\u00edch p\u00e1r\u016f. Tak\u00e9 je to mnohdy o tom, \u017ee se lid\u00e9 na sebe t\u011b\u0161\u00ed, ale v tomto p\u0159\u00edpad\u011b to po \u010dase pomine. Mezi p\u00e1n\u00ed\u010dkem a zv\u00ed\u0159etem n\u011bco takov\u00e9ho v\u017edy z\u016fstane.Pokud se n\u00e1hodou stane, \u017ee u\u017e nastane ten \u010das, kdy bude muset dan\u00e9 zv\u00ed\u0159e odej\u00edt, nem\u016f\u017eeme se divit tomu, \u017ee je to pro dan\u00e9ho \u010dlov\u011bka t\u011b\u017ek\u00e9, proto\u017ee pokud dan\u00e9 zv\u00ed\u0159e berete jako sou\u010d\u00e1st rodiny, opravdu se nen\u00ed \u010demu divit.M\u00edt n\u011bjak\u00e9 to zv\u00ed\u0159\u00e1tko je ur\u010dit\u011b dobr\u00e9, proto\u017ee \u010dlov\u011bk tak z\u00edsk\u00e1 n\u011bkoho, kdo jej bude m\u00edt neust\u00e1le r\u00e1d a kdo dan\u00e9mu \u010dlov\u011bku velmi r\u00e1d pom\u016f\u017ee p\u0159ij\u00edt na jin\u00e9 my\u0161lenky a to a\u0165 u\u017e t\u00edm, \u017ee dan\u00e9 zv\u00ed\u0159e v\u016fbec je nebo t\u00edm, \u017ee dan\u00e9 zv\u00ed\u0159e bude cht\u00edt, a\u0165 jdete na proch\u00e1zku, kter\u00e1 prosp\u011bje jak dan\u00e9mu zv\u00ed\u0159eti, tak i v\u00e1m.Jestli\u017ee tak\u00e9 chcete m\u00edt n\u011bkoho, na koho se budete moct t\u011b\u0161it, m\u011bli byste si po\u0159\u00eddit psa. Uvid\u00edte, \u017ee ani v\u00e1m a ani va\u0161emu psu nebude nic chyb\u011bt, pokud budete m\u00edt jeden druh\u00e9ho.                                                                                                                                                                                                                                                                                                                                                                                        3.9\/5 - (10 votes)        "},{"@context":"https:\/\/schema.org\/","@type":"BreadcrumbList","itemListElement":[{"@type":"ListItem","position":1,"name":"Je spr\u00e1vn\u00e9 t\u011b\u0161it se dom\u016f na sv\u00e9ho zv\u00ed\u0159ec\u00edho mazl\u00ed\u010dka","item":"https:\/\/www.miksanek.cz\/je-spravne-tesit-se-domu-na-sveho-zvireciho-mazlicka\/#breadcrumbitem"}]}]